{"id":192,"date":"2021-10-24T15:25:07","date_gmt":"2021-10-24T15:25:07","guid":{"rendered":"http:\/\/eliseo.com\/home\/?p=192"},"modified":"2024-07-28T23:24:00","modified_gmt":"2024-07-28T23:24:00","slug":"vuelve-eliseo-e-karts","status":"publish","type":"post","link":"http:\/\/eliseo.com\/home\/2021\/10\/24\/vuelve-eliseo-e-karts\/","title":{"rendered":"Vuelve Eliseo E-Karts!"},"content":{"rendered":"<div dir=\"auto\">Te invitamos a celebrar junto a la <a class=\"app-aware-link \" href=\"https:\/\/www.linkedin.com\/company\/conasetchile\/\" target=\"_self\" data-test-app-aware-link=\"\" rel=\"noopener\">Conaset, Comisi\u00f3n Nacional de Seguridad de Tr\u00e1nsito<\/a> el D\u00eda del Ni\u00f1o\/a el pr\u00f3ximo s\u00e1bado 10 de agosto en un punto <a class=\"app-aware-link \" href=\"https:\/\/www.linkedin.com\/feed\/hashtag\/?keywords=revisatusilla&amp;highlightedUpdateUrns=urn%3Ali%3Aactivity%3A7222969913651458048\" data-test-app-aware-link=\"\"><span class=\"visually-hidden\">hashtag<\/span><span aria-hidden=\"true\">#<\/span>RevisaTuSilla<\/a> presencial para verificar junto a nuestros t\u00e9cnicos la correcta instalaci\u00f3n de los sistemas de retenci\u00f3n infantil y el traslado seguro de las infancias en autom\u00f3vil. \ud83d\udc76\ud83c\udffb\ud83d\udc66\ud83c\udffb\ud83d\udc67\ud83c\udffb\u2764<br \/><br \/>\u00a1ESO NO ES TODOOOOO! \ud83e\udd29<br \/><br \/>Adem\u00e1s, tendremos entretenidas actividades gratuitas para que ni\u00f1as y ni\u00f1os puedan disfrutar y aprender seguridad vial a trav\u00e9s de diversos juegos y activaciones, que te presentamos a continuaci\u00f3n: <br \/><br \/>\u2b50 <a class=\"app-aware-link \" href=\"https:\/\/www.linkedin.com\/company\/busesvule\/\" target=\"_self\" data-test-app-aware-link=\"\" rel=\"noopener\">Buses Vule S.A.<\/a>, nos ense\u00f1ar\u00e1 acerca la importancia de identificar los puntos ciegos de los buses del transporte p\u00fablico cuando nos movemos por la ciudad. Podr\u00e1s subirte a un bus el\u00e9ctrico, conocer la cabina del conductor y el panel del control que utilizan para trasladarnos seguros a casa. \ud83d\udc4f\ud83c\udffb\u2764 <br \/><br \/>\u2b50 <a class=\"app-aware-link \" href=\"https:\/\/www.linkedin.com\/company\/gobiernodesantiago\/\" target=\"_self\" data-test-app-aware-link=\"\" rel=\"noopener\">Gobierno de Santiago<\/a>, llevar\u00e1 un parque vial al Estadio Monumental para que a trav\u00e9s de diferentes roles: peat\u00f3n, ciclista y conductor de autom\u00f3vil, aprendas sobre valores importantes de convivencia vial y conductas seguras para prevenir ca\u00eddas y lesiones. \ud83d\ude0a\u2764 <br \/><br \/>\u2b50 Santiago Roller llevar\u00e1 el patinaje al estadio. Si tienes patines y casco, esta oportunidad es para ti, porque nuestros amigos te ense\u00f1ar\u00e1n herramientas y t\u00e9cnicas b\u00e1sicas para una movilidad segura en patines. \ud83d\udcaa\ud83c\udffc\ud83d\ude4c\ud83c\udffc <br \/><br \/>\ud83c\udfc1 Y nuestros amigos de e-karts e <a class=\"app-aware-link \" href=\"https:\/\/www.linkedin.com\/company\/isaintervial\/\" target=\"_self\" data-test-app-aware-link=\"\" rel=\"noopener\">ISA INTERVIAL<\/a>, Bilz y Pap Zero. Estar\u00e1n desplegados con actividades educativas y una pista de carreras para ni\u00f1as y ni\u00f1os, donde podr\u00e1n vivir la experiencia de ser conductores de veh\u00edculos de competencia junto a nuestro querido <a id=\"ember441\" class=\"ember-view\" href=\"https:\/\/www.linkedin.com\/in\/eliseo-salazar-a21a5089\/\">Eliseo Salazar<\/a>. \ud83d\udc4f\ud83c\udffb <br \/><br \/>\u00bfDe verdad te lo vas a perder? Yo que t\u00fa me organizo desde ya con mi familia y amistades para ir a disfrutar esta entretenida jornada educativa con toda la energ\u00eda. <br \/><br \/>IMPORTANTE: <br \/><br \/>\ud83d\udc40 Las inscripciones al punto de chequeo las puedes encontrar en el link disponible en <a class=\"app-aware-link \" href=\"https:\/\/lnkd.in\/d3y_2ksn\" target=\"_self\" data-test-app-aware-link=\"\" rel=\"noopener\">https:\/\/lnkd.in\/d3y_2ksn<\/a>. \ud83d\udc76\ud83c\udffb\ud83d\udc66\ud83c\udffb\ud83d\udc67\ud83c\udffb\u2764 <br \/><br \/>\ud83c\udfc1 El lunes subiremos las inscripciones para la pista de ekarting, para que todas y todos los asistentes tengan la oportunidad de participar. \ud83d\ude0c<br \/><br \/>Si tienes consultas escr\u00edbenos. \u2764<br \/>\u00a1Nos vemos el 10!<br \/><br \/><a class=\"app-aware-link \" href=\"https:\/\/www.linkedin.com\/feed\/hashtag\/?keywords=mov%C3%A1monosseguros&amp;highlightedUpdateUrns=urn%3Ali%3Aactivity%3A7222969913651458048\" data-test-app-aware-link=\"\"><span class=\"visually-hidden\">hashtag<\/span><span aria-hidden=\"true\">#<\/span>Mov\u00e1monosSeguros<\/a> <a class=\"app-aware-link \" href=\"https:\/\/www.linkedin.com\/feed\/hashtag\/?keywords=seguridadvial&amp;highlightedUpdateUrns=urn%3Ali%3Aactivity%3A7222969913651458048\" data-test-app-aware-link=\"\"><span class=\"visually-hidden\">hashtag<\/span><span aria-hidden=\"true\">#<\/span>SeguridadVial<\/a> <a class=\"app-aware-link \" href=\"https:\/\/www.linkedin.com\/feed\/hashtag\/?keywords=roadsafety&amp;highlightedUpdateUrns=urn%3Ali%3Aactivity%3A7222969913651458048\" data-test-app-aware-link=\"\"><span class=\"visually-hidden\">hashtag<\/span><span aria-hidden=\"true\">#<\/span>RoadSafety<\/a> <a class=\"app-aware-link \" href=\"https:\/\/www.linkedin.com\/feed\/hashtag\/?keywords=infanciasegura&amp;highlightedUpdateUrns=urn%3Ali%3Aactivity%3A7222969913651458048\" data-test-app-aware-link=\"\"><span class=\"visually-hidden\">hashtag<\/span><span aria-hidden=\"true\">#<\/span>InfanciaSegura<\/a> <a class=\"app-aware-link \" href=\"https:\/\/www.linkedin.com\/feed\/hashtag\/?keywords=convivenciavial&amp;highlightedUpdateUrns=urn%3Ali%3Aactivity%3A7222969913651458048\" data-test-app-aware-link=\"\"><span class=\"visually-hidden\">hashtag<\/span><span aria-hidden=\"true\">#<\/span>ConvivenciaVial<\/a><\/div>\n<div dir=\"auto\">\u00a0<\/div>\n<p><img loading=\"lazy\" class=\"alignnone size-medium wp-image-193\" src=\"http:\/\/eliseo.com\/home\/wp-content\/uploads\/2021\/10\/140562939_2414240978722758_6972315959307551749_n-300x200.jpg\" alt=\"\" width=\"300\" height=\"200\" srcset=\"http:\/\/eliseo.com\/home\/wp-content\/uploads\/2021\/10\/140562939_2414240978722758_6972315959307551749_n-300x200.jpg 300w, http:\/\/eliseo.com\/home\/wp-content\/uploads\/2021\/10\/140562939_2414240978722758_6972315959307551749_n-768x511.jpg 768w, http:\/\/eliseo.com\/home\/wp-content\/uploads\/2021\/10\/140562939_2414240978722758_6972315959307551749_n.jpg 853w\" sizes=\"(max-width: 300px) 100vw, 300px\" \/><\/p>\n\n\n<p><\/p>\n","protected":false},"excerpt":{"rendered":"<p>Te invitamos a celebrar junto a la Conaset, Comisi\u00f3n Nacional de Seguridad de Tr\u00e1nsito el D\u00eda del Ni\u00f1o\/a el pr\u00f3ximo&hellip;<\/p>\n","protected":false},"author":1,"featured_media":193,"comment_status":"open","ping_status":"open","sticky":false,"template":"","format":"standard","meta":[],"categories":[4],"tags":[],"_links":{"self":[{"href":"http:\/\/eliseo.com\/home\/wp-json\/wp\/v2\/posts\/192"}],"collection":[{"href":"http:\/\/eliseo.com\/home\/wp-json\/wp\/v2\/posts"}],"about":[{"href":"http:\/\/eliseo.com\/home\/wp-json\/wp\/v2\/types\/post"}],"author":[{"embeddable":true,"href":"http:\/\/eliseo.com\/home\/wp-json\/wp\/v2\/users\/1"}],"replies":[{"embeddable":true,"href":"http:\/\/eliseo.com\/home\/wp-json\/wp\/v2\/comments?post=192"}],"version-history":[{"count":14,"href":"http:\/\/eliseo.com\/home\/wp-json\/wp\/v2\/posts\/192\/revisions"}],"predecessor-version":[{"id":268,"href":"http:\/\/eliseo.com\/home\/wp-json\/wp\/v2\/posts\/192\/revisions\/268"}],"wp:featuredmedia":[{"embeddable":true,"href":"http:\/\/eliseo.com\/home\/wp-json\/wp\/v2\/media\/193"}],"wp:attachment":[{"href":"http:\/\/eliseo.com\/home\/wp-json\/wp\/v2\/media?parent=192"}],"wp:term":[{"taxonomy":"category","embeddable":true,"href":"http:\/\/eliseo.com\/home\/wp-json\/wp\/v2\/categories?post=192"},{"taxonomy":"post_tag","embeddable":true,"href":"http:\/\/eliseo.com\/home\/wp-json\/wp\/v2\/tags?post=192"}],"curies":[{"name":"wp","href":"https:\/\/api.w.org\/{rel}","templated":true}]}}